{"id":1215,"date":"2014-01-26T18:00:13","date_gmt":"2014-01-26T17:00:13","guid":{"rendered":"http:\/\/www.efg-siegen-weidenau.de\/start\/?p=1215"},"modified":"2014-03-02T14:05:39","modified_gmt":"2014-03-02T13:05:39","slug":"gottes-geliebte-menschen","status":"publish","type":"post","link":"http:\/\/www.efg-siegen-weidenau.de\/start\/gottes-geliebte-menschen\/","title":{"rendered":"Gottes geliebte Menschen"},"content":{"rendered":"<p><img loading=\"lazy\" class=\"aligncenter\" alt=\"vorderseite-beschnitt-oben\" src=\"http:\/\/www.efg-siegen-weidenau.de\/start\/wp-content\/uploads\/2014\/01\/vorderseite-beschnitt-oben.jpg\" width=\"523\" height=\"95\" \/><\/p>\n<p>&nbsp;<\/p>\n<p>Samstag, 22.2.\u00a0 \u00a0 ab 10 Uhr: Mit dem mobilen Fotostudio im Siegerlandzentrum in Weidenau<\/p>\n<p><!--more--><\/p>\n<p>Sonntag, 23.2.\u00a0 \u00a0\u00a0 10 Uhr: \u201eWir sind Gottes geliebte Menschen!\u201c<br \/>\nDer Mensch als Ebenbild Gottes<\/p>\n<p>Montag, 24.2.\u00a0\u00a0 \u00a0\u00a0 20 Uhr: \u201eAndere sehen mich von au\u00dfen. Ich sehe mein Inneres.\u201c<br \/>\nVom Umgang mit Angst, Lebensproblemen und eigenen Schw\u00e4chen.<\/p>\n<p>Dienstag, 25.2.\u00a0 \u00a0 20 Uhr: \u201eGemeinsam ist man weniger einsam!\u201c<br \/>\nBeziehungen in Ehe, Familie und Gesellschaft neu gestalten.<\/p>\n<p>Mittwoch, 26. 2. \u00a0 18:30 Uhr Vernissage der Fotoausstellung<\/p>\n<p>20 Uhr: \u201eGott, bin ich sch\u00f6n!?\u201c<br \/>\nVon den St\u00e4rken und Schw\u00e4chen der Menschen\/ Ausstellungser\u00f6ffnung<\/p>\n<p>Ab Sonntag, dem 23. Februar werden die Kirchenr\u00e4ume der Baptistengemeinde Siegen-Weidenau, Engsbachstra\u00dfe 61 in ein Fotostudio verwandelt werden. Zu Gast ist der Pastor und ambitionierte Hobbyfotograf Gunnar Bremer, der mit seiner mobilen Studioausr\u00fcstung f\u00fcr charakterstarke Portraitaufnahmen sorgen wird. Die am Sonntag angefertigten Bilder werden am Mittwoch in einer Ausstellung aller Portraitierten auf Abz\u00fcgen in der Gr\u00f6\u00dfe A4 gezeigt werden. F\u00fcr dieses Vorhaben sucht die Kirchengemeinde B\u00fcrger der Stadt, die durch ihre Teilnahme zu einer vielf\u00e4ltigen Ausstellung unter dem Motto \u201eGottes geliebte Menschen\u201c beitragen.<\/p>\n<p>Nach dem Gottesdienst am Sonntag um 10 Uhr werden bis ca. 18:00 Uhr Blitze den Kirchenraum erhellen und alle Interessenten sind eingeladen, Bilder von sich machen zu lassen.\u00a0 &#8222;Wir wollen eine Gemeinde mit den Menschen und f\u00fcr die Menschen unserer Stadt sein&#8220;, so Angela Klinge, Pastorin der Gemeinde. &#8222;Denn Gott liebt ausnahmslos jeden, ob h\u00fcbsch oder nicht, alt oder jung, farbig oder farblos. Wir setzten damit ein Zeichen gegen den Castingtrend und freuen uns auf eine gro\u00dfe und vielf\u00e4ltige Ausstellung am Mittwoch!\u201c Die Kosten f\u00fcr die Entwicklung der Bilder \u00fcbernimmt die Gemeinde. Als Dankesch\u00f6n erh\u00e4lt zus\u00e4tzlich jede fotografierte Person ihr Portrait kostenlos zur Er\u00f6ffnung der Ausstellung am Mittwoch.<\/p>\n<p>Sollten sich Warteschlangen beim Fotografieren bilden, laden die Mitarbeiter der Kirchengemeinde bei Kaffee und Kuchen zum Verweilen ein. \u201eAlle Menschen sind sch\u00f6n, denn alle Menschen sind von Gott gewollt und seine Ebenbilder!\u201c Davon ist Bremer, der f\u00fcnf Tage in Weidenau zu Gast sein wird, \u00fcberzeugt. Eingeladen sind Kinder, Jugendliche, Familien, Singles, Erwachsene, Senioren, Einzelpersonen und Gruppen.<\/p>\n<p>Die Gemeinde l\u00e4dt von Montag, dem 24. 2. bis Mittwoch, dem 26.2.\u00a0 auch zu Vortragsabenden, jeweils um 20 Uhr,\u00a0 unter dem\u00a0 Gesamtthema \u201eGottes geliebte Menschen\u201c ein.\u00a0 Am Montag lautet das Thema \u201eAndere sehen mich von au\u00dfen. Ich sehe mein Inneres.\u201c\u00a0 Dabei wird es um die Themen wie Angst, Lebensprobleme und den Umgang\u00a0 mit den eigenen Schw\u00e4chen gehen. Am Dienstag dreht sich unter dem Titel \u201eGemeinsam ist man weniger einsam!\u201c alles um Beziehungen. Am Mittwochabend l\u00e4dt die Gemeinde dann zu einer Vernissage mit dem Titel \u201eGott, bin ich sch\u00f6n!?\u201c ein: Die gro\u00df-formatigen Portraitfotos werden pr\u00e4sentiert. Im Anschluss an die Abendveranstaltung k\u00f6nnen die Bilder von den Portraitierten mitgenommen werden. Pastor Bremer: \u201eIch freue mich auf die Tage in Weidenau, denn immer geht es auch darum, dass Menschen nicht nur anhand von Bildern, sondern auch durch biblische Texte entdecken, dass sie \u201aGottes geliebte Menschen\u2018 sind.\u201c<\/p>\n<p><a href=\"http:\/\/www.efg-siegen-weidenau.de\/start\/wp-content\/uploads\/2014\/01\/rueckseite-beschnitt-unten.jpg\"><img loading=\"lazy\" class=\"wp-image-1217 aligncenter\" alt=\"rueckseite-beschnitt-unten\" src=\"http:\/\/www.efg-siegen-weidenau.de\/start\/wp-content\/uploads\/2014\/01\/rueckseite-beschnitt-unten.jpg\" width=\"524\" height=\"397\" srcset=\"http:\/\/www.efg-siegen-weidenau.de\/start\/wp-content\/uploads\/2014\/01\/rueckseite-beschnitt-unten.jpg 524w, http:\/\/www.efg-siegen-weidenau.de\/start\/wp-content\/uploads\/2014\/01\/rueckseite-beschnitt-unten-300x227.jpg 300w\" sizes=\"(max-width: 524px) 100vw, 524px\" \/><\/a><\/p>\n","protected":false},"excerpt":{"rendered":"<p>&nbsp; Samstag, 22.2.\u00a0 \u00a0 ab 10 Uhr: Mit dem mobilen Fotostudio im Siegerlandzentrum in Weidenau<\/p>\n","protected":false},"author":1,"featured_media":0,"comment_status":"closed","ping_status":"closed","sticky":false,"template":"","format":"standard","meta":{"_bbp_topic_count":0,"_bbp_reply_count":0,"_bbp_total_topic_count":0,"_bbp_total_reply_count":0,"_bbp_voice_count":0,"_bbp_anonymous_reply_count":0,"_bbp_topic_count_hidden":0,"_bbp_reply_count_hidden":0,"_bbp_forum_subforum_count":0},"categories":[19],"tags":[],"_links":{"self":[{"href":"http:\/\/www.efg-siegen-weidenau.de\/start\/wp-json\/wp\/v2\/posts\/1215"}],"collection":[{"href":"http:\/\/www.efg-siegen-weidenau.de\/start\/wp-json\/wp\/v2\/posts"}],"about":[{"href":"http:\/\/www.efg-siegen-weidenau.de\/start\/wp-json\/wp\/v2\/types\/post"}],"author":[{"embeddable":true,"href":"http:\/\/www.efg-siegen-weidenau.de\/start\/wp-json\/wp\/v2\/users\/1"}],"replies":[{"embeddable":true,"href":"http:\/\/www.efg-siegen-weidenau.de\/start\/wp-json\/wp\/v2\/comments?post=1215"}],"version-history":[{"count":4,"href":"http:\/\/www.efg-siegen-weidenau.de\/start\/wp-json\/wp\/v2\/posts\/1215\/revisions"}],"predecessor-version":[{"id":1240,"href":"http:\/\/www.efg-siegen-weidenau.de\/start\/wp-json\/wp\/v2\/posts\/1215\/revisions\/1240"}],"wp:attachment":[{"href":"http:\/\/www.efg-siegen-weidenau.de\/start\/wp-json\/wp\/v2\/media?parent=1215"}],"wp:term":[{"taxonomy":"category","embeddable":true,"href":"http:\/\/www.efg-siegen-weidenau.de\/start\/wp-json\/wp\/v2\/categories?post=1215"},{"taxonomy":"post_tag","embeddable":true,"href":"http:\/\/www.efg-siegen-weidenau.de\/start\/wp-json\/wp\/v2\/tags?post=1215"}],"curies":[{"name":"wp","href":"https:\/\/api.w.org\/{rel}","templated":true}]}}