{"id":1408,"date":"2014-09-07T17:16:25","date_gmt":"2014-09-07T16:16:25","guid":{"rendered":"http:\/\/www.efg-siegen-weidenau.de\/start\/?p=1408"},"modified":"2014-09-07T17:16:48","modified_gmt":"2014-09-07T16:16:48","slug":"30-jahre-efg-siegen-weidenau-veranstaltungen","status":"publish","type":"post","link":"http:\/\/www.efg-siegen-weidenau.de\/start\/30-jahre-efg-siegen-weidenau-veranstaltungen\/","title":{"rendered":"30 Jahre EFG Siegen-Weidenau &#8211; Veranstaltungen"},"content":{"rendered":"<h3>Einladung zur Veranstaltungsreihe anl\u00e4sslich des 30-j\u00e4hrigen Jubil\u00e4ums der Evangelisch-Freikirchlichen Gemeinde Siegen-Weidenau<\/h3>\n<p>&nbsp;<\/p>\n<p><a href=\"http:\/\/www.efg-siegen-weidenau.de\/start\/wp-content\/uploads\/2014\/09\/30-jahre.jpg\"><img loading=\"lazy\" class=\"size-full wp-image-1407 aligncenter\" src=\"http:\/\/www.efg-siegen-weidenau.de\/start\/wp-content\/uploads\/2014\/09\/30-jahre.jpg\" alt=\"30-jahre\" width=\"534\" height=\"756\" srcset=\"http:\/\/www.efg-siegen-weidenau.de\/start\/wp-content\/uploads\/2014\/09\/30-jahre.jpg 534w, http:\/\/www.efg-siegen-weidenau.de\/start\/wp-content\/uploads\/2014\/09\/30-jahre-211x300.jpg 211w\" sizes=\"(max-width: 534px) 100vw, 534px\" \/><\/a><\/p>\n","protected":false},"excerpt":{"rendered":"<p>Einladung zur Veranstaltungsreihe anl\u00e4sslich des 30-j\u00e4hrigen Jubil\u00e4ums der Evangelisch-Freikirchlichen Gemeinde Siegen-Weidenau &nbsp;<\/p>\n","protected":false},"author":1,"featured_media":0,"comment_status":"closed","ping_status":"closed","sticky":false,"template":"","format":"standard","meta":{"_bbp_topic_count":0,"_bbp_reply_count":0,"_bbp_total_topic_count":0,"_bbp_total_reply_count":0,"_bbp_voice_count":0,"_bbp_anonymous_reply_count":0,"_bbp_topic_count_hidden":0,"_bbp_reply_count_hidden":0,"_bbp_forum_subforum_count":0},"categories":[19],"tags":[],"_links":{"self":[{"href":"http:\/\/www.efg-siegen-weidenau.de\/start\/wp-json\/wp\/v2\/posts\/1408"}],"collection":[{"href":"http:\/\/www.efg-siegen-weidenau.de\/start\/wp-json\/wp\/v2\/posts"}],"about":[{"href":"http:\/\/www.efg-siegen-weidenau.de\/start\/wp-json\/wp\/v2\/types\/post"}],"author":[{"embeddable":true,"href":"http:\/\/www.efg-siegen-weidenau.de\/start\/wp-json\/wp\/v2\/users\/1"}],"replies":[{"embeddable":true,"href":"http:\/\/www.efg-siegen-weidenau.de\/start\/wp-json\/wp\/v2\/comments?post=1408"}],"version-history":[{"count":3,"href":"http:\/\/www.efg-siegen-weidenau.de\/start\/wp-json\/wp\/v2\/posts\/1408\/revisions"}],"predecessor-version":[{"id":1411,"href":"http:\/\/www.efg-siegen-weidenau.de\/start\/wp-json\/wp\/v2\/posts\/1408\/revisions\/1411"}],"wp:attachment":[{"href":"http:\/\/www.efg-siegen-weidenau.de\/start\/wp-json\/wp\/v2\/media?parent=1408"}],"wp:term":[{"taxonomy":"category","embeddable":true,"href":"http:\/\/www.efg-siegen-weidenau.de\/start\/wp-json\/wp\/v2\/categories?post=1408"},{"taxonomy":"post_tag","embeddable":true,"href":"http:\/\/www.efg-siegen-weidenau.de\/start\/wp-json\/wp\/v2\/tags?post=1408"}],"curies":[{"name":"wp","href":"https:\/\/api.w.org\/{rel}","templated":true}]}}