{"id":2008,"date":"2016-09-18T18:15:37","date_gmt":"2016-09-18T17:15:37","guid":{"rendered":"http:\/\/www.efg-siegen-weidenau.de\/start\/?p=2008"},"modified":"2016-10-02T17:38:41","modified_gmt":"2016-10-02T16:38:41","slug":"impressionen-vom-abendgottesdienst","status":"publish","type":"post","link":"http:\/\/www.efg-siegen-weidenau.de\/start\/impressionen-vom-abendgottesdienst\/","title":{"rendered":"Impressionen vom Abendgottesdienst"},"content":{"rendered":"<h1>&#8222;In Gott wohnen&#8220;<\/h1>\n<p><a href=\"http:\/\/www.efg-siegen-weidenau.de\/start\/wp-content\/uploads\/2016\/09\/160918-Abendgodi-0942.jpg\"><img loading=\"lazy\" class=\"size-full wp-image-2010 aligncenter\" src=\"http:\/\/www.efg-siegen-weidenau.de\/start\/wp-content\/uploads\/2016\/09\/160918-Abendgodi-0942.jpg\" alt=\"160918-abendgodi-0942\" width=\"1366\" height=\"768\" srcset=\"http:\/\/www.efg-siegen-weidenau.de\/start\/wp-content\/uploads\/2016\/09\/160918-Abendgodi-0942.jpg 1366w, http:\/\/www.efg-siegen-weidenau.de\/start\/wp-content\/uploads\/2016\/09\/160918-Abendgodi-0942-300x169.jpg 300w, http:\/\/www.efg-siegen-weidenau.de\/start\/wp-content\/uploads\/2016\/09\/160918-Abendgodi-0942-768x432.jpg 768w, http:\/\/www.efg-siegen-weidenau.de\/start\/wp-content\/uploads\/2016\/09\/160918-Abendgodi-0942-1024x576.jpg 1024w\" sizes=\"(max-width: 1366px) 100vw, 1366px\" \/><\/a><\/p>\n<p><!--more--><\/p>\n<p>Am 18. September um 18.00 Uhr waren wir eingeladen, Gott in einem besonderen Gottesdienst zu erleben. Schon beim Betreten des Gemeindehauses fiel das einladend gestaltete Foyer auf und im Gottesdienstraum war durch die ver\u00e4nderte Sitzord-nung in nach vorne offener Dreiecksform der Stuhlreihen ein anderes Raum-Erleben da. Die um uns aufgebauten &#8222;Erlebnisstationen&#8220; machten neugierig auf das, was uns jetzt erwartete. Mit Musik, Gesang und verschiedenen literarischenund biblischen Texten wurden wir eingeladen, zur Ruhe zu kommen und uns darauf einzulassen, Gott zu begegnen.<\/p>\n<p>&nbsp;<\/p>\n<p><a href=\"http:\/\/www.efg-siegen-weidenau.de\/start\/wp-content\/uploads\/2016\/09\/160918-Abendgodi-0946.jpg\"><img loading=\"lazy\" class=\"wp-image-2009 size-large aligncenter\" src=\"http:\/\/www.efg-siegen-weidenau.de\/start\/wp-content\/uploads\/2016\/09\/160918-Abendgodi-0940-1024x576.jpg\" alt=\"160918-abendgodi-0940\" width=\"840\" height=\"473\" srcset=\"http:\/\/www.efg-siegen-weidenau.de\/start\/wp-content\/uploads\/2016\/09\/160918-Abendgodi-0940-1024x576.jpg 1024w, http:\/\/www.efg-siegen-weidenau.de\/start\/wp-content\/uploads\/2016\/09\/160918-Abendgodi-0940-300x169.jpg 300w, http:\/\/www.efg-siegen-weidenau.de\/start\/wp-content\/uploads\/2016\/09\/160918-Abendgodi-0940-768x432.jpg 768w, http:\/\/www.efg-siegen-weidenau.de\/start\/wp-content\/uploads\/2016\/09\/160918-Abendgodi-0940.jpg 1366w\" sizes=\"(max-width: 840px) 100vw, 840px\" \/><\/a><\/p>\n<p>Du sollst Gott deinen Herrn lieben und deinen N\u00e4chsten wie dich selbst, Gott &#8211; ich &#8211; du. Angela teilte mit uns Gedanken zu dem Bibelversund dann waren wir eingeladen, selbst aktiv zu werden.<\/p>\n<p>An den im Raum verteilten Stationen gab es die M\u00f6glichkeit, uns mit Gottes Liebe zu uns, mit dem &#8222;Uns selbst lieben&#8220; und der Liebe zum anderen praktisch auszu-probieren.<\/p>\n<p>&nbsp;<\/p>\n<p><a href=\"http:\/\/www.efg-siegen-weidenau.de\/start\/wp-content\/uploads\/2016\/09\/160918-Abendgodi-0946.jpg\"><img loading=\"lazy\" class=\"size-full wp-image-2011 aligncenter\" src=\"http:\/\/www.efg-siegen-weidenau.de\/start\/wp-content\/uploads\/2016\/09\/160918-Abendgodi-0946.jpg\" alt=\"160918-abendgodi-0946\" width=\"1366\" height=\"768\" srcset=\"http:\/\/www.efg-siegen-weidenau.de\/start\/wp-content\/uploads\/2016\/09\/160918-Abendgodi-0946.jpg 1366w, http:\/\/www.efg-siegen-weidenau.de\/start\/wp-content\/uploads\/2016\/09\/160918-Abendgodi-0946-300x169.jpg 300w, http:\/\/www.efg-siegen-weidenau.de\/start\/wp-content\/uploads\/2016\/09\/160918-Abendgodi-0946-768x432.jpg 768w, http:\/\/www.efg-siegen-weidenau.de\/start\/wp-content\/uploads\/2016\/09\/160918-Abendgodi-0946-1024x576.jpg 1024w\" sizes=\"(max-width: 1366px) 100vw, 1366px\" \/><\/a><\/p>\n<p>Ein Psalm, der mir Gott als Hirten beschreibt, in aller Ruhe aufzunehmen, mein Spiegelbild betrachten mit der Aufschrift am Spiegel: du bist geliebt, jemandem eine Blume mit Bibelvers und pers\u00f6nlichen Worten zu schenken, mich segnen und salben lassen oder einfach im bequemen Stuhl in Gott ruhen waren die Angebote, die alle sehr liebevoll vorbereitet waren, sodass das Ausw\u00e4hlen eine echte Herausforderung war. Nach einer Zeit des individuellen Erlebens gab es Gelegenheit, sich auszutauschen.<\/p>\n<p><a href=\"http:\/\/www.efg-siegen-weidenau.de\/start\/wp-content\/uploads\/2016\/09\/160918-Abendgodi-0951.jpg\"><img loading=\"lazy\" class=\"size-full wp-image-2012 aligncenter\" src=\"http:\/\/www.efg-siegen-weidenau.de\/start\/wp-content\/uploads\/2016\/09\/160918-Abendgodi-0951.jpg\" alt=\"160918-abendgodi-0951\" width=\"1366\" height=\"768\" srcset=\"http:\/\/www.efg-siegen-weidenau.de\/start\/wp-content\/uploads\/2016\/09\/160918-Abendgodi-0951.jpg 1366w, http:\/\/www.efg-siegen-weidenau.de\/start\/wp-content\/uploads\/2016\/09\/160918-Abendgodi-0951-300x169.jpg 300w, http:\/\/www.efg-siegen-weidenau.de\/start\/wp-content\/uploads\/2016\/09\/160918-Abendgodi-0951-768x432.jpg 768w, http:\/\/www.efg-siegen-weidenau.de\/start\/wp-content\/uploads\/2016\/09\/160918-Abendgodi-0951-1024x576.jpg 1024w\" sizes=\"(max-width: 1366px) 100vw, 1366px\" \/><\/a><\/p>\n<p>Bunt, u.a. durch die Blumen, beschenkt und bereichert ging die innere und \u00e4u\u00dfere Raum &#8211; Erfahrung zu Ende. Bei farbenfrohen Getr\u00e4nken und Knabbereien klang der Abend mit angeregten Gespr\u00e4che aus. F\u00fcr mich war dieser besondere Gottesdienst eine wertvolle Zeit, in der ich Gott und auch meinen Geschwistern anders und neu begegnen konnte. Das macht Vorfreude auf den n\u00e4chsten Erfahrungsraum.<\/p>\n","protected":false},"excerpt":{"rendered":"<p>&#8222;In Gott wohnen&#8220;<\/p>\n","protected":false},"author":1,"featured_media":0,"comment_status":"closed","ping_status":"closed","sticky":false,"template":"","format":"standard","meta":{"_bbp_topic_count":0,"_bbp_reply_count":0,"_bbp_total_topic_count":0,"_bbp_total_reply_count":0,"_bbp_voice_count":0,"_bbp_anonymous_reply_count":0,"_bbp_topic_count_hidden":0,"_bbp_reply_count_hidden":0,"_bbp_forum_subforum_count":0},"categories":[20,19],"tags":[],"_links":{"self":[{"href":"http:\/\/www.efg-siegen-weidenau.de\/start\/wp-json\/wp\/v2\/posts\/2008"}],"collection":[{"href":"http:\/\/www.efg-siegen-weidenau.de\/start\/wp-json\/wp\/v2\/posts"}],"about":[{"href":"http:\/\/www.efg-siegen-weidenau.de\/start\/wp-json\/wp\/v2\/types\/post"}],"author":[{"embeddable":true,"href":"http:\/\/www.efg-siegen-weidenau.de\/start\/wp-json\/wp\/v2\/users\/1"}],"replies":[{"embeddable":true,"href":"http:\/\/www.efg-siegen-weidenau.de\/start\/wp-json\/wp\/v2\/comments?post=2008"}],"version-history":[{"count":6,"href":"http:\/\/www.efg-siegen-weidenau.de\/start\/wp-json\/wp\/v2\/posts\/2008\/revisions"}],"predecessor-version":[{"id":2058,"href":"http:\/\/www.efg-siegen-weidenau.de\/start\/wp-json\/wp\/v2\/posts\/2008\/revisions\/2058"}],"wp:attachment":[{"href":"http:\/\/www.efg-siegen-weidenau.de\/start\/wp-json\/wp\/v2\/media?parent=2008"}],"wp:term":[{"taxonomy":"category","embeddable":true,"href":"http:\/\/www.efg-siegen-weidenau.de\/start\/wp-json\/wp\/v2\/categories?post=2008"},{"taxonomy":"post_tag","embeddable":true,"href":"http:\/\/www.efg-siegen-weidenau.de\/start\/wp-json\/wp\/v2\/tags?post=2008"}],"curies":[{"name":"wp","href":"https:\/\/api.w.org\/{rel}","templated":true}]}}