{"id":2072,"date":"2016-10-30T15:58:56","date_gmt":"2016-10-30T14:58:56","guid":{"rendered":"http:\/\/www.efg-siegen-weidenau.de\/start\/?p=2072"},"modified":"2016-11-01T13:54:14","modified_gmt":"2016-11-01T12:54:14","slug":"winterspielplatz","status":"publish","type":"post","link":"http:\/\/www.efg-siegen-weidenau.de\/start\/winterspielplatz\/","title":{"rendered":"Winterspielplatz"},"content":{"rendered":"<p><a href=\"http:\/\/www.efg-siegen-weidenau.de\/start\/wp-content\/uploads\/2016\/10\/winter1.jpg\"><img loading=\"lazy\" class=\"size-full wp-image-2073 aligncenter\" src=\"http:\/\/www.efg-siegen-weidenau.de\/start\/wp-content\/uploads\/2016\/10\/winter1.jpg\" alt=\"winter1\" width=\"295\" height=\"400\" srcset=\"http:\/\/www.efg-siegen-weidenau.de\/start\/wp-content\/uploads\/2016\/10\/winter1.jpg 295w, http:\/\/www.efg-siegen-weidenau.de\/start\/wp-content\/uploads\/2016\/10\/winter1-221x300.jpg 221w\" sizes=\"(max-width: 295px) 100vw, 295px\" \/><\/a><!--more--><\/p>\n<p>Wir wollen sehr gerne f\u00fcr Kinder unser Gemeindehaus \u00f6ffnen, Raum bieten zum Spielen, Toben, Ausruhen, dabei sein. Gerade im Winter, wenn es drau\u00dfen nass und kalt wird, haben oft Kinder keine sch\u00f6ne M\u00f6glichkeit mehr zu spielen und anderen Kindern zu begegnen. Aber jetzt soll es diese M\u00f6glichkeit in Weidenau geben und zwar in unseren R\u00e4umen. Wir haben genug Platz und Kapazit\u00e4tenso einen Ort f\u00fcr Kinder in unserem Stadtteil zu schaffen.<\/p>\n<p>&nbsp;<br \/>\nDer Winterspielplatz ist ein Indoorspielplatz f\u00fcr Kinder von 0-4 Jahren. W\u00e4hrend die Kinder spielen und toben, k\u00f6nnen die Eltern bei Kaffee und Kuchen dabei sein und den Nachmittag in unserem sch\u00f6nen Gemeindehaus genie\u00dfen. Sie k\u00f6nnen sich austauschen und auch mit Menschen aus der Gemeinde, wenn sie wollen, ins Gespr\u00e4ch kommen. Durch diesen Winterspielplatz k\u00f6nnen Eltern und Kinder aus Weidenau und dar\u00fcber hinaus in Kontakt kommen und Beziehungen gestalten.<\/p>\n<p>&nbsp;<br \/>\nWir werden oben im Kindergottesdienstraum einen Wickel- und Stillbereich einrichten. Im Foyer hat man die M\u00f6glichkeit, sich anzumelden, die Kinderwagen abzustellen und die Schuhe zu wechseln. Au\u00dferdem wird dort ein kleiner Caf\u00e9bereich eingerichtet. Im gro\u00dfen Gottesdienstraum wird es verschiedene Spielm\u00f6glichkeiten f\u00fcr die Kinder geben. Dabei ist an die ganz kleinen Babys genauso gedacht wie an die gr\u00f6\u00dferen, die schon gerne mehr toben wollen.<\/p>\n<p>&nbsp;<\/p>\n<p><a href=\"http:\/\/www.efg-siegen-weidenau.de\/start\/wp-content\/uploads\/2016\/10\/winter3.jpg\"><img loading=\"lazy\" class=\"size-full wp-image-2075 aligncenter\" src=\"http:\/\/www.efg-siegen-weidenau.de\/start\/wp-content\/uploads\/2016\/10\/winter3.jpg\" alt=\"winter3\" width=\"607\" height=\"179\" srcset=\"http:\/\/www.efg-siegen-weidenau.de\/start\/wp-content\/uploads\/2016\/10\/winter3.jpg 607w, http:\/\/www.efg-siegen-weidenau.de\/start\/wp-content\/uploads\/2016\/10\/winter3-300x88.jpg 300w\" sizes=\"(max-width: 607px) 100vw, 607px\" \/><\/a><\/p>\n","protected":false},"excerpt":{"rendered":"","protected":false},"author":1,"featured_media":0,"comment_status":"closed","ping_status":"closed","sticky":false,"template":"","format":"standard","meta":{"_bbp_topic_count":0,"_bbp_reply_count":0,"_bbp_total_topic_count":0,"_bbp_total_reply_count":0,"_bbp_voice_count":0,"_bbp_anonymous_reply_count":0,"_bbp_topic_count_hidden":0,"_bbp_reply_count_hidden":0,"_bbp_forum_subforum_count":0},"categories":[1],"tags":[],"_links":{"self":[{"href":"http:\/\/www.efg-siegen-weidenau.de\/start\/wp-json\/wp\/v2\/posts\/2072"}],"collection":[{"href":"http:\/\/www.efg-siegen-weidenau.de\/start\/wp-json\/wp\/v2\/posts"}],"about":[{"href":"http:\/\/www.efg-siegen-weidenau.de\/start\/wp-json\/wp\/v2\/types\/post"}],"author":[{"embeddable":true,"href":"http:\/\/www.efg-siegen-weidenau.de\/start\/wp-json\/wp\/v2\/users\/1"}],"replies":[{"embeddable":true,"href":"http:\/\/www.efg-siegen-weidenau.de\/start\/wp-json\/wp\/v2\/comments?post=2072"}],"version-history":[{"count":9,"href":"http:\/\/www.efg-siegen-weidenau.de\/start\/wp-json\/wp\/v2\/posts\/2072\/revisions"}],"predecessor-version":[{"id":2088,"href":"http:\/\/www.efg-siegen-weidenau.de\/start\/wp-json\/wp\/v2\/posts\/2072\/revisions\/2088"}],"wp:attachment":[{"href":"http:\/\/www.efg-siegen-weidenau.de\/start\/wp-json\/wp\/v2\/media?parent=2072"}],"wp:term":[{"taxonomy":"category","embeddable":true,"href":"http:\/\/www.efg-siegen-weidenau.de\/start\/wp-json\/wp\/v2\/categories?post=2072"},{"taxonomy":"post_tag","embeddable":true,"href":"http:\/\/www.efg-siegen-weidenau.de\/start\/wp-json\/wp\/v2\/tags?post=2072"}],"curies":[{"name":"wp","href":"https:\/\/api.w.org\/{rel}","templated":true}]}}