{"id":2145,"date":"2017-02-03T17:23:24","date_gmt":"2017-02-03T16:23:24","guid":{"rendered":"http:\/\/www.efg-siegen-weidenau.de\/start\/?p=2145"},"modified":"2017-02-06T17:28:37","modified_gmt":"2017-02-06T16:28:37","slug":"der-winterspielplatz","status":"publish","type":"post","link":"http:\/\/www.efg-siegen-weidenau.de\/start\/der-winterspielplatz\/","title":{"rendered":"Der Winterspielplatz"},"content":{"rendered":"<p><a href=\"http:\/\/www.efg-siegen-weidenau.de\/start\/wp-content\/uploads\/2017\/02\/winter-010002.jpg\"><img loading=\"lazy\" class=\"size-full wp-image-2146 alignleft\" src=\"http:\/\/www.efg-siegen-weidenau.de\/start\/wp-content\/uploads\/2017\/02\/winter-010002.jpg\" alt=\"OLYMPUS DIGITAL CAMERA\" width=\"400\" height=\"267\" srcset=\"http:\/\/www.efg-siegen-weidenau.de\/start\/wp-content\/uploads\/2017\/02\/winter-010002.jpg 400w, http:\/\/www.efg-siegen-weidenau.de\/start\/wp-content\/uploads\/2017\/02\/winter-010002-300x200.jpg 300w\" sizes=\"(max-width: 400px) 100vw, 400px\" \/><\/a><\/p>\n<p>&nbsp;<\/p>\n<p>&nbsp;<\/p>\n<p>&nbsp;<\/p>\n<p>&nbsp;<\/p>\n<p>&nbsp;<\/p>\n<p><em>Hier einige Stimmen und Impressionen zum diesj\u00e4hrigen Winterspielplatz.<\/em><\/p>\n<p>Der Winterspielplatz gef\u00e4llt meiner Tochter sehr. Und mir nat\u00fcrlich auch. Neben den vielen verschiedenen Spielangeboten, wie eine Spielk\u00fcche, ein Trampolin, Duplo, B\u00fccher oder verschiedene Fahrzeuge, gibt es auch spontane Sing- oder Spielkreise. F\u00fcr die ganz kleinen Kinder gibt es einen Kuschel- Still-und Krabbelbereich. Die Kinder d\u00fcrfen sich frei bewegen und ganz nach ihren Bed\u00fcrfnissen spielen und toben. Da gehen zwei Stunden schon mal schnell rum.<\/p>\n<p><!--more--><\/p>\n<p><a href=\"http:\/\/www.efg-siegen-weidenau.de\/start\/wp-content\/uploads\/2017\/02\/winter-010022.jpg\"><img loading=\"lazy\" class=\"size-full wp-image-2147 alignright\" src=\"http:\/\/www.efg-siegen-weidenau.de\/start\/wp-content\/uploads\/2017\/02\/winter-010022.jpg\" alt=\"OLYMPUS DIGITAL CAMERA\" width=\"400\" height=\"267\" srcset=\"http:\/\/www.efg-siegen-weidenau.de\/start\/wp-content\/uploads\/2017\/02\/winter-010022.jpg 400w, http:\/\/www.efg-siegen-weidenau.de\/start\/wp-content\/uploads\/2017\/02\/winter-010022-300x200.jpg 300w\" sizes=\"(max-width: 400px) 100vw, 400px\" \/><\/a>F\u00fcr die M\u00fctter, und nat\u00fcrlich auch V\u00e4ter steht immer leckerer, selbstgemachter Kuchen, Kaffee und Getr\u00e4nke zur Verf\u00fcgung. Aber auch f\u00fcr das Wohl der Kinder ist immer gesorgt. Und beim gemeinschaftlichen Kaffee kl\u00f6nt es sich sehr gut. Viele Gemeindemitglieder helfen beim Auf- und Abbauen und dadurch wirkt alles toll organisiert.<\/p>\n<p>&nbsp;<\/p>\n<p>&nbsp;<\/p>\n<p>Wir kommen gerne hier her. Es kommen auch immer wieder neue Familien, mit denen man Kontakte kn\u00fcpfen kann. Wir haben mittlerweile Freunde verschiedener Altersklassen hier gefunden und der Besuch auf dem Winterspielplatz ist f\u00fcr uns ein fester Wochentermin geworden.<\/p>\n<p><a href=\"http:\/\/www.efg-siegen-weidenau.de\/start\/wp-content\/uploads\/2017\/02\/winter-010083.jpg\"><img loading=\"lazy\" class=\"size-full wp-image-2148 alignleft\" src=\"http:\/\/www.efg-siegen-weidenau.de\/start\/wp-content\/uploads\/2017\/02\/winter-010083.jpg\" alt=\"OLYMPUS DIGITAL CAMERA\" width=\"400\" height=\"267\" srcset=\"http:\/\/www.efg-siegen-weidenau.de\/start\/wp-content\/uploads\/2017\/02\/winter-010083.jpg 400w, http:\/\/www.efg-siegen-weidenau.de\/start\/wp-content\/uploads\/2017\/02\/winter-010083-300x200.jpg 300w\" sizes=\"(max-width: 400px) 100vw, 400px\" \/><\/a>Kinderk\u00fcche, Trampolin, Rutsche, Bobbycar &amp; Co. Der Winterspielplatz ist f\u00fcr meinen Gro\u00dfen jedes Mal ein Highlight. Er geht wirklich gerne dort hin und das kann ich nicht von vielen Veranstaltungen sagen, die wir besucht haben. Auch die Mama freut sich jedes Mal auf ihre Dosis Koffein, ein leckeres St\u00fcck Kuchen und anregende Gespr\u00e4che.<\/p>\n<p>&nbsp;<\/p>\n<p>&nbsp;<\/p>\n<p>Vielen Dank an dieser Stelle an die flei\u00dfigen Backfeen. Ich hoffe, dass auch nach dem Ende des Winters noch regelm\u00e4\u00dfige Treffen stattfinden werden. Es ist sch\u00f6n, dass es Menschen gibt, die so etwas auf die Beine stellen.<\/p>\n","protected":false},"excerpt":{"rendered":"<p>&nbsp; &nbsp; &nbsp; &nbsp; &nbsp; Hier einige Stimmen und Impressionen zum diesj\u00e4hrigen Winterspielplatz. Der Winterspielplatz gef\u00e4llt meiner Tochter sehr. Und mir nat\u00fcrlich auch. Neben den vielen verschiedenen Spielangeboten, wie eine (&hellip;) <a href=\"http:\/\/www.efg-siegen-weidenau.de\/start\/der-winterspielplatz\/\">Weiterlesen<\/a><\/p>\n","protected":false},"author":1,"featured_media":0,"comment_status":"open","ping_status":"open","sticky":false,"template":"","format":"standard","meta":{"_bbp_topic_count":0,"_bbp_reply_count":0,"_bbp_total_topic_count":0,"_bbp_total_reply_count":0,"_bbp_voice_count":0,"_bbp_anonymous_reply_count":0,"_bbp_topic_count_hidden":0,"_bbp_reply_count_hidden":0,"_bbp_forum_subforum_count":0},"categories":[1],"tags":[],"_links":{"self":[{"href":"http:\/\/www.efg-siegen-weidenau.de\/start\/wp-json\/wp\/v2\/posts\/2145"}],"collection":[{"href":"http:\/\/www.efg-siegen-weidenau.de\/start\/wp-json\/wp\/v2\/posts"}],"about":[{"href":"http:\/\/www.efg-siegen-weidenau.de\/start\/wp-json\/wp\/v2\/types\/post"}],"author":[{"embeddable":true,"href":"http:\/\/www.efg-siegen-weidenau.de\/start\/wp-json\/wp\/v2\/users\/1"}],"replies":[{"embeddable":true,"href":"http:\/\/www.efg-siegen-weidenau.de\/start\/wp-json\/wp\/v2\/comments?post=2145"}],"version-history":[{"count":4,"href":"http:\/\/www.efg-siegen-weidenau.de\/start\/wp-json\/wp\/v2\/posts\/2145\/revisions"}],"predecessor-version":[{"id":2155,"href":"http:\/\/www.efg-siegen-weidenau.de\/start\/wp-json\/wp\/v2\/posts\/2145\/revisions\/2155"}],"wp:attachment":[{"href":"http:\/\/www.efg-siegen-weidenau.de\/start\/wp-json\/wp\/v2\/media?parent=2145"}],"wp:term":[{"taxonomy":"category","embeddable":true,"href":"http:\/\/www.efg-siegen-weidenau.de\/start\/wp-json\/wp\/v2\/categories?post=2145"},{"taxonomy":"post_tag","embeddable":true,"href":"http:\/\/www.efg-siegen-weidenau.de\/start\/wp-json\/wp\/v2\/tags?post=2145"}],"curies":[{"name":"wp","href":"https:\/\/api.w.org\/{rel}","templated":true}]}}