{"id":2390,"date":"2017-10-02T15:34:31","date_gmt":"2017-10-02T14:34:31","guid":{"rendered":"http:\/\/www.efg-siegen-weidenau.de\/start\/?p=2390"},"modified":"2017-10-31T16:15:32","modified_gmt":"2017-10-31T15:15:32","slug":"monatsbild-oktober-2017","status":"publish","type":"post","link":"http:\/\/www.efg-siegen-weidenau.de\/start\/monatsbild-oktober-2017\/","title":{"rendered":"Monatsbild  &#8211;  Oktober 2017"},"content":{"rendered":"<p><a href=\"http:\/\/www.efg-siegen-weidenau.de\/start\/wp-content\/uploads\/2017\/10\/kal-okt2017.jpg\"><img loading=\"lazy\" class=\"alignnone wp-image-2391 size-full\" src=\"http:\/\/www.efg-siegen-weidenau.de\/start\/wp-content\/uploads\/2017\/10\/kal-okt2017.jpg\" alt=\"\" width=\"840\" height=\"340\" srcset=\"http:\/\/www.efg-siegen-weidenau.de\/start\/wp-content\/uploads\/2017\/10\/kal-okt2017.jpg 840w, http:\/\/www.efg-siegen-weidenau.de\/start\/wp-content\/uploads\/2017\/10\/kal-okt2017-300x121.jpg 300w, http:\/\/www.efg-siegen-weidenau.de\/start\/wp-content\/uploads\/2017\/10\/kal-okt2017-768x311.jpg 768w\" sizes=\"(max-width: 840px) 100vw, 840px\" \/><\/a><\/p>\n<h2 style=\"padding-left: 30px;\" data-canvas-width=\"523.8602666666666\">Es wird Freude sein vor den Engeln Gottes<br \/>\n\u00fcber einen S\u00fcnder, der Bu\u00dfe tut.<\/h2>\n<p style=\"padding-left: 30px;\" data-canvas-width=\"523.8602666666666\">Lukas 15,10<br \/>\nMonatsspruch Oktober 2017<\/p>\n","protected":false},"excerpt":{"rendered":"<p>Es wird Freude sein vor den Engeln Gottes \u00fcber einen S\u00fcnder, der Bu\u00dfe tut. Lukas 15,10 Monatsspruch Oktober 2017<\/p>\n","protected":false},"author":1,"featured_media":0,"comment_status":"closed","ping_status":"closed","sticky":false,"template":"","format":"image","meta":{"_bbp_topic_count":0,"_bbp_reply_count":0,"_bbp_total_topic_count":0,"_bbp_total_reply_count":0,"_bbp_voice_count":0,"_bbp_anonymous_reply_count":0,"_bbp_topic_count_hidden":0,"_bbp_reply_count_hidden":0,"_bbp_forum_subforum_count":0},"categories":[18],"tags":[],"_links":{"self":[{"href":"http:\/\/www.efg-siegen-weidenau.de\/start\/wp-json\/wp\/v2\/posts\/2390"}],"collection":[{"href":"http:\/\/www.efg-siegen-weidenau.de\/start\/wp-json\/wp\/v2\/posts"}],"about":[{"href":"http:\/\/www.efg-siegen-weidenau.de\/start\/wp-json\/wp\/v2\/types\/post"}],"author":[{"embeddable":true,"href":"http:\/\/www.efg-siegen-weidenau.de\/start\/wp-json\/wp\/v2\/users\/1"}],"replies":[{"embeddable":true,"href":"http:\/\/www.efg-siegen-weidenau.de\/start\/wp-json\/wp\/v2\/comments?post=2390"}],"version-history":[{"count":3,"href":"http:\/\/www.efg-siegen-weidenau.de\/start\/wp-json\/wp\/v2\/posts\/2390\/revisions"}],"predecessor-version":[{"id":2394,"href":"http:\/\/www.efg-siegen-weidenau.de\/start\/wp-json\/wp\/v2\/posts\/2390\/revisions\/2394"}],"wp:attachment":[{"href":"http:\/\/www.efg-siegen-weidenau.de\/start\/wp-json\/wp\/v2\/media?parent=2390"}],"wp:term":[{"taxonomy":"category","embeddable":true,"href":"http:\/\/www.efg-siegen-weidenau.de\/start\/wp-json\/wp\/v2\/categories?post=2390"},{"taxonomy":"post_tag","embeddable":true,"href":"http:\/\/www.efg-siegen-weidenau.de\/start\/wp-json\/wp\/v2\/tags?post=2390"}],"curies":[{"name":"wp","href":"https:\/\/api.w.org\/{rel}","templated":true}]}}