{"id":2643,"date":"2018-10-01T20:36:24","date_gmt":"2018-10-01T19:36:24","guid":{"rendered":"http:\/\/www.efg-siegen-weidenau.de\/start\/?p=2643"},"modified":"2018-10-01T20:36:24","modified_gmt":"2018-10-01T19:36:24","slug":"winterspielplatz-2018-19","status":"publish","type":"post","link":"http:\/\/www.efg-siegen-weidenau.de\/start\/winterspielplatz-2018-19\/","title":{"rendered":"Winterspielplatz 2018\/19"},"content":{"rendered":"<p><a href=\"http:\/\/www.efg-siegen-weidenau.de\/start\/wp-content\/uploads\/2018\/10\/winterspiel1.jpg\"><img loading=\"lazy\" class=\"wp-image-2644 size-full aligncenter\" src=\"http:\/\/www.efg-siegen-weidenau.de\/start\/wp-content\/uploads\/2018\/10\/winterspiel1.jpg\" alt=\"\" width=\"377\" height=\"410\" srcset=\"http:\/\/www.efg-siegen-weidenau.de\/start\/wp-content\/uploads\/2018\/10\/winterspiel1.jpg 377w, http:\/\/www.efg-siegen-weidenau.de\/start\/wp-content\/uploads\/2018\/10\/winterspiel1-276x300.jpg 276w\" sizes=\"(max-width: 377px) 100vw, 377px\" \/><\/a><\/p>\n<p><!--more--><\/p>\n<p><a href=\"http:\/\/www.efg-siegen-weidenau.de\/start\/wp-content\/uploads\/2018\/10\/winterspiel2.jpg\"><img loading=\"lazy\" class=\"wp-image-2645 aligncenter\" src=\"http:\/\/www.efg-siegen-weidenau.de\/start\/wp-content\/uploads\/2018\/10\/winterspiel2.jpg\" alt=\"\" width=\"535\" height=\"534\" srcset=\"http:\/\/www.efg-siegen-weidenau.de\/start\/wp-content\/uploads\/2018\/10\/winterspiel2.jpg 719w, http:\/\/www.efg-siegen-weidenau.de\/start\/wp-content\/uploads\/2018\/10\/winterspiel2-150x150.jpg 150w, http:\/\/www.efg-siegen-weidenau.de\/start\/wp-content\/uploads\/2018\/10\/winterspiel2-300x300.jpg 300w\" sizes=\"(max-width: 535px) 100vw, 535px\" \/><\/a><\/p>\n<h3>W\u00e4hrend die Kinder spielen, toben, klettern, rutschen, Bobbycar fahren, basteln oder Geschichten h\u00f6ren, gibt es f\u00fcr die Eltern ein kleines Caf\u00e9 zur Begegnung und zum Austausch.<\/h3>\n<h3>&nbsp;<\/h3>\n<p><a href=\"http:\/\/www.efg-siegen-weidenau.de\/start\/wp-content\/uploads\/2018\/10\/Winterspielplatz-010002.jpg\"><img loading=\"lazy\" class=\"wp-image-2648 size-large aligncenter\" src=\"http:\/\/www.efg-siegen-weidenau.de\/start\/wp-content\/uploads\/2018\/10\/Winterspielplatz-010002-1024x682.jpg\" alt=\"\" width=\"840\" height=\"559\" srcset=\"http:\/\/www.efg-siegen-weidenau.de\/start\/wp-content\/uploads\/2018\/10\/Winterspielplatz-010002-1024x682.jpg 1024w, http:\/\/www.efg-siegen-weidenau.de\/start\/wp-content\/uploads\/2018\/10\/Winterspielplatz-010002-300x200.jpg 300w, http:\/\/www.efg-siegen-weidenau.de\/start\/wp-content\/uploads\/2018\/10\/Winterspielplatz-010002-768x512.jpg 768w, http:\/\/www.efg-siegen-weidenau.de\/start\/wp-content\/uploads\/2018\/10\/Winterspielplatz-010002.jpg 2000w\" sizes=\"(max-width: 840px) 100vw, 840px\" \/><\/a><\/p>\n<p><a href=\"http:\/\/www.efg-siegen-weidenau.de\/start\/wp-content\/uploads\/2018\/10\/winterspiel4.jpg\"><img loading=\"lazy\" class=\"wp-image-2647 aligncenter\" src=\"http:\/\/www.efg-siegen-weidenau.de\/start\/wp-content\/uploads\/2018\/10\/winterspiel4.jpg\" alt=\"\" width=\"550\" height=\"361\" srcset=\"http:\/\/www.efg-siegen-weidenau.de\/start\/wp-content\/uploads\/2018\/10\/winterspiel4.jpg 746w, http:\/\/www.efg-siegen-weidenau.de\/start\/wp-content\/uploads\/2018\/10\/winterspiel4-300x197.jpg 300w\" sizes=\"(max-width: 550px) 100vw, 550px\" \/><\/a><\/p>\n","protected":false},"excerpt":{"rendered":"","protected":false},"author":1,"featured_media":0,"comment_status":"open","ping_status":"open","sticky":false,"template":"","format":"standard","meta":{"_bbp_topic_count":0,"_bbp_reply_count":0,"_bbp_total_topic_count":0,"_bbp_total_reply_count":0,"_bbp_voice_count":0,"_bbp_anonymous_reply_count":0,"_bbp_topic_count_hidden":0,"_bbp_reply_count_hidden":0,"_bbp_forum_subforum_count":0},"categories":[1],"tags":[],"_links":{"self":[{"href":"http:\/\/www.efg-siegen-weidenau.de\/start\/wp-json\/wp\/v2\/posts\/2643"}],"collection":[{"href":"http:\/\/www.efg-siegen-weidenau.de\/start\/wp-json\/wp\/v2\/posts"}],"about":[{"href":"http:\/\/www.efg-siegen-weidenau.de\/start\/wp-json\/wp\/v2\/types\/post"}],"author":[{"embeddable":true,"href":"http:\/\/www.efg-siegen-weidenau.de\/start\/wp-json\/wp\/v2\/users\/1"}],"replies":[{"embeddable":true,"href":"http:\/\/www.efg-siegen-weidenau.de\/start\/wp-json\/wp\/v2\/comments?post=2643"}],"version-history":[{"count":1,"href":"http:\/\/www.efg-siegen-weidenau.de\/start\/wp-json\/wp\/v2\/posts\/2643\/revisions"}],"predecessor-version":[{"id":2649,"href":"http:\/\/www.efg-siegen-weidenau.de\/start\/wp-json\/wp\/v2\/posts\/2643\/revisions\/2649"}],"wp:attachment":[{"href":"http:\/\/www.efg-siegen-weidenau.de\/start\/wp-json\/wp\/v2\/media?parent=2643"}],"wp:term":[{"taxonomy":"category","embeddable":true,"href":"http:\/\/www.efg-siegen-weidenau.de\/start\/wp-json\/wp\/v2\/categories?post=2643"},{"taxonomy":"post_tag","embeddable":true,"href":"http:\/\/www.efg-siegen-weidenau.de\/start\/wp-json\/wp\/v2\/tags?post=2643"}],"curies":[{"name":"wp","href":"https:\/\/api.w.org\/{rel}","templated":true}]}}