{"id":2913,"date":"2019-10-01T11:55:46","date_gmt":"2019-10-01T10:55:46","guid":{"rendered":"http:\/\/www.efg-siegen-weidenau.de\/start\/?p=2913"},"modified":"2019-11-02T17:53:09","modified_gmt":"2019-11-02T16:53:09","slug":"monatsbild-oktober-2019","status":"publish","type":"post","link":"http:\/\/www.efg-siegen-weidenau.de\/start\/monatsbild-oktober-2019\/","title":{"rendered":"Monatsbild &#8211; Oktober 2019"},"content":{"rendered":"<p><a href=\"http:\/\/www.efg-siegen-weidenau.de\/start\/wp-content\/uploads\/2019\/09\/kal-okt2019.jpg\"><img loading=\"lazy\" class=\"alignnone size-full wp-image-2914\" src=\"http:\/\/www.efg-siegen-weidenau.de\/start\/wp-content\/uploads\/2019\/09\/kal-okt2019.jpg\" alt=\"\" width=\"840\" height=\"340\" srcset=\"http:\/\/www.efg-siegen-weidenau.de\/start\/wp-content\/uploads\/2019\/09\/kal-okt2019.jpg 840w, http:\/\/www.efg-siegen-weidenau.de\/start\/wp-content\/uploads\/2019\/09\/kal-okt2019-300x121.jpg 300w, http:\/\/www.efg-siegen-weidenau.de\/start\/wp-content\/uploads\/2019\/09\/kal-okt2019-768x311.jpg 768w\" sizes=\"(max-width: 840px) 100vw, 840px\" \/><\/a><\/p>\n<h2 style=\"padding-left: 60px;\" data-canvas-width=\"523.8602666666666\">Wie es dir m\u00f6glich ist:<br \/>\nAus dem Vollen sch\u00f6pfend &#8211; gib davon Almosen!<br \/>\nWenn dir wenig m\u00f6glich ist, f\u00fcrchte dich nicht,<br \/>\naus dem Wenigen Almosen zu geben!<\/h2>\n<p style=\"padding-left: 60px;\">Tobit 4,8<br \/>\nMonatsspruch Oktober 2019<\/p>\n","protected":false},"excerpt":{"rendered":"<p>Wie es dir m\u00f6glich ist: Aus dem Vollen sch\u00f6pfend &#8211; gib davon Almosen! Wenn dir wenig m\u00f6glich ist, f\u00fcrchte dich nicht, aus dem Wenigen Almosen zu geben! Tobit 4,8 Monatsspruch (&hellip;) <a href=\"http:\/\/www.efg-siegen-weidenau.de\/start\/monatsbild-oktober-2019\/\">Weiterlesen<\/a><\/p>\n","protected":false},"author":1,"featured_media":0,"comment_status":"closed","ping_status":"closed","sticky":false,"template":"","format":"image","meta":{"_bbp_topic_count":0,"_bbp_reply_count":0,"_bbp_total_topic_count":0,"_bbp_total_reply_count":0,"_bbp_voice_count":0,"_bbp_anonymous_reply_count":0,"_bbp_topic_count_hidden":0,"_bbp_reply_count_hidden":0,"_bbp_forum_subforum_count":0},"categories":[18],"tags":[],"_links":{"self":[{"href":"http:\/\/www.efg-siegen-weidenau.de\/start\/wp-json\/wp\/v2\/posts\/2913"}],"collection":[{"href":"http:\/\/www.efg-siegen-weidenau.de\/start\/wp-json\/wp\/v2\/posts"}],"about":[{"href":"http:\/\/www.efg-siegen-weidenau.de\/start\/wp-json\/wp\/v2\/types\/post"}],"author":[{"embeddable":true,"href":"http:\/\/www.efg-siegen-weidenau.de\/start\/wp-json\/wp\/v2\/users\/1"}],"replies":[{"embeddable":true,"href":"http:\/\/www.efg-siegen-weidenau.de\/start\/wp-json\/wp\/v2\/comments?post=2913"}],"version-history":[{"count":1,"href":"http:\/\/www.efg-siegen-weidenau.de\/start\/wp-json\/wp\/v2\/posts\/2913\/revisions"}],"predecessor-version":[{"id":2915,"href":"http:\/\/www.efg-siegen-weidenau.de\/start\/wp-json\/wp\/v2\/posts\/2913\/revisions\/2915"}],"wp:attachment":[{"href":"http:\/\/www.efg-siegen-weidenau.de\/start\/wp-json\/wp\/v2\/media?parent=2913"}],"wp:term":[{"taxonomy":"category","embeddable":true,"href":"http:\/\/www.efg-siegen-weidenau.de\/start\/wp-json\/wp\/v2\/categories?post=2913"},{"taxonomy":"post_tag","embeddable":true,"href":"http:\/\/www.efg-siegen-weidenau.de\/start\/wp-json\/wp\/v2\/tags?post=2913"}],"curies":[{"name":"wp","href":"https:\/\/api.w.org\/{rel}","templated":true}]}}