{"id":4379,"date":"2023-05-15T12:26:49","date_gmt":"2023-05-15T11:26:49","guid":{"rendered":"http:\/\/www.efg-siegen-weidenau.de\/start\/?p=4379"},"modified":"2023-06-02T12:28:10","modified_gmt":"2023-06-02T11:28:10","slug":"verabschiedung-von-pastorin-angela-klinge","status":"publish","type":"post","link":"http:\/\/www.efg-siegen-weidenau.de\/start\/verabschiedung-von-pastorin-angela-klinge\/","title":{"rendered":"Verabschiedung von Pastorin Angela Klinge"},"content":{"rendered":"<p style=\"text-align: left;\"><span style=\"color: #003300;\">Am Sonntag, den 30.04.23, haben wir uns mit einem Gottesdienst, ge<a href=\"http:\/\/www.efg-siegen-weidenau.de\/start\/wp-content\/uploads\/2023\/06\/FK.jpg\"><img loading=\"lazy\" class=\"wp-image-4389 alignright\" src=\"http:\/\/www.efg-siegen-weidenau.de\/start\/wp-content\/uploads\/2023\/06\/FK.jpg\" alt=\"\" width=\"386\" height=\"245\" srcset=\"http:\/\/www.efg-siegen-weidenau.de\/start\/wp-content\/uploads\/2023\/06\/FK.jpg 1078w, http:\/\/www.efg-siegen-weidenau.de\/start\/wp-content\/uploads\/2023\/06\/FK-300x190.jpg 300w, http:\/\/www.efg-siegen-weidenau.de\/start\/wp-content\/uploads\/2023\/06\/FK-1024x650.jpg 1024w, http:\/\/www.efg-siegen-weidenau.de\/start\/wp-content\/uploads\/2023\/06\/FK-768x487.jpg 768w\" sizes=\"(max-width: 386px) 100vw, 386px\" \/><\/a>meinsamem Mittagessen und einem lockeren Nachmittagsprogramm mit anschlie\u00dfendem Kaffee trinken von unserer langj\u00e4hrigen Pastorin Angela Klinge, ihrem Mann Jan-Martin und den Kindern Carolina, Am\u00e9lie und Emma verabschiedet. <\/span><\/p>\n<p style=\"text-align: left;\"><span style=\"color: #003300;\"> Sie ist keinem von uns leichtgefallen, diese Verabschiedung. 14 Jahre der gegenseitigen Pr\u00e4gung hinterlassen Spuren, Gott sei Dank positive Spuren. Dies wurde deutlich in vielen guten Worten, Liedern <\/span><span style=\"color: #003300;\">und auch Tr\u00e4nen &#8211; auf beiden Seiten.<\/span><\/p>\n<p><!--more--><\/p>\n<p><span style=\"color: #003300;\"><a href=\"http:\/\/www.efg-siegen-weidenau.de\/start\/wp-content\/uploads\/2023\/06\/09.jpg\"><img loading=\"lazy\" class=\"wp-image-4385 alignleft\" src=\"http:\/\/www.efg-siegen-weidenau.de\/start\/wp-content\/uploads\/2023\/06\/09.jpg\" alt=\"\" width=\"274\" height=\"182\" srcset=\"http:\/\/www.efg-siegen-weidenau.de\/start\/wp-content\/uploads\/2023\/06\/09.jpg 1200w, http:\/\/www.efg-siegen-weidenau.de\/start\/wp-content\/uploads\/2023\/06\/09-300x200.jpg 300w, http:\/\/www.efg-siegen-weidenau.de\/start\/wp-content\/uploads\/2023\/06\/09-1024x683.jpg 1024w, http:\/\/www.efg-siegen-weidenau.de\/start\/wp-content\/uploads\/2023\/06\/09-768x512.jpg 768w\" sizes=\"(max-width: 274px) 100vw, 274px\" \/><\/a>Der Fotor\u00fcckblick am Nachmittag von Johannes Steinbr\u00fcck hat uns allen noch einmal die gemeinsam durchlebten Jahre vor Augen gef\u00fchrt. Viel Grund zur Dankbarkeit. Auf Karten haben viele etwas davon aufgeschrieben, diese sind in ein Erinnerungs-Dankbarkeitsk\u00f6fferchen gewandert, den wir der Familie mitgegeben haben. <\/span><\/p>\n<p>&nbsp;<\/p>\n<p><span style=\"color: #003300;\"><a href=\"http:\/\/www.efg-siegen-weidenau.de\/start\/wp-content\/uploads\/2023\/06\/08.jpg\"><img loading=\"lazy\" class=\"wp-image-4384 alignleft\" src=\"http:\/\/www.efg-siegen-weidenau.de\/start\/wp-content\/uploads\/2023\/06\/08.jpg\" alt=\"\" width=\"324\" height=\"216\" srcset=\"http:\/\/www.efg-siegen-weidenau.de\/start\/wp-content\/uploads\/2023\/06\/08.jpg 1200w, http:\/\/www.efg-siegen-weidenau.de\/start\/wp-content\/uploads\/2023\/06\/08-300x200.jpg 300w, http:\/\/www.efg-siegen-weidenau.de\/start\/wp-content\/uploads\/2023\/06\/08-1024x683.jpg 1024w, http:\/\/www.efg-siegen-weidenau.de\/start\/wp-content\/uploads\/2023\/06\/08-768x512.jpg 768w\" sizes=\"(max-width: 324px) 100vw, 324px\" \/><\/a>Der Rabe hat den Kindern einen kleinen Rabenfreund anvertraut, der sie begleiten und an <\/span><span style=\"color: #003300;\">das Nest erinnern soll, das Herzensnest, das immer bleibt.<\/span><\/p>\n<p>&nbsp;<\/p>\n<p>&nbsp;<\/p>\n<p>&nbsp;<\/p>\n<p><span style=\"color: #003300;\"><a href=\"http:\/\/www.efg-siegen-weidenau.de\/start\/wp-content\/uploads\/2023\/06\/20.jpg\"><img loading=\"lazy\" class=\"wp-image-4388 alignright\" src=\"http:\/\/www.efg-siegen-weidenau.de\/start\/wp-content\/uploads\/2023\/06\/20.jpg\" alt=\"\" width=\"269\" height=\"179\" srcset=\"http:\/\/www.efg-siegen-weidenau.de\/start\/wp-content\/uploads\/2023\/06\/20.jpg 1200w, http:\/\/www.efg-siegen-weidenau.de\/start\/wp-content\/uploads\/2023\/06\/20-300x200.jpg 300w, http:\/\/www.efg-siegen-weidenau.de\/start\/wp-content\/uploads\/2023\/06\/20-1024x683.jpg 1024w, http:\/\/www.efg-siegen-weidenau.de\/start\/wp-content\/uploads\/2023\/06\/20-768x512.jpg 768w\" sizes=\"(max-width: 269px) 100vw, 269px\" \/><\/a>Johannes Steinbr\u00fcck sprach im Gottesdienst von dem Wort, das Angela zu uns gesprochen hat, auf ganz <\/span><span style=\"color: #003300;\">vielf\u00e4ltige Art und Weise, das uns ber\u00fchrt und uns Gottes Liebe vor Augen gef\u00fchrt hat. Und auch am Nachmittag <\/span><span style=\"color: #003300;\">wurde dies in einigen freien Wortbeitr\u00e4gen deutlich. Wenn man bei einem Abschied <\/span><span style=\"color: #003300;\">von gelungen sprechen kann,dann ist er das wohl. Jetzt liegt er hinter uns, hat Kraft gekostet und viel Dankbarkeit und ein St\u00fcck Traurigkeit hinterlassen.<\/span><\/p>\n<p><span style=\"color: #003300;\"><a href=\"http:\/\/www.efg-siegen-weidenau.de\/start\/wp-content\/uploads\/2023\/06\/01.jpg\"><img loading=\"lazy\" class=\"wp-image-4382 alignleft\" src=\"http:\/\/www.efg-siegen-weidenau.de\/start\/wp-content\/uploads\/2023\/06\/01.jpg\" alt=\"\" width=\"233\" height=\"155\" srcset=\"http:\/\/www.efg-siegen-weidenau.de\/start\/wp-content\/uploads\/2023\/06\/01.jpg 1200w, http:\/\/www.efg-siegen-weidenau.de\/start\/wp-content\/uploads\/2023\/06\/01-300x200.jpg 300w, http:\/\/www.efg-siegen-weidenau.de\/start\/wp-content\/uploads\/2023\/06\/01-1024x683.jpg 1024w, http:\/\/www.efg-siegen-weidenau.de\/start\/wp-content\/uploads\/2023\/06\/01-768x512.jpg 768w\" sizes=\"(max-width: 233px) 100vw, 233px\" \/><\/a>Wir hatten uns gesucht und gefunden, die Gemeinde und Angela Klinge. Sie konnte ihre Gaben entfalten, ihr Wort fiel auf fruchtbaren Boden, es konnte wachsen, und sie hat uns dazu gebracht, wiederum unsere Gaben zu entfalten. Jetzt geht es anders weiter, ein neuer Abschnitt Gemeindeleben, den wir gemeinsam mit Carmen Seehafer, unserer nunmehr alleinigen Pastorin, gehen wollen, hat begonnen.<\/span><\/p>\n<p><span style=\"color: #003300;\"><a href=\"http:\/\/www.efg-siegen-weidenau.de\/start\/wp-content\/uploads\/2023\/06\/15.jpg\"><img loading=\"lazy\" class=\"wp-image-4386 alignright\" src=\"http:\/\/www.efg-siegen-weidenau.de\/start\/wp-content\/uploads\/2023\/06\/15.jpg\" alt=\"\" width=\"282\" height=\"188\" srcset=\"http:\/\/www.efg-siegen-weidenau.de\/start\/wp-content\/uploads\/2023\/06\/15.jpg 1200w, http:\/\/www.efg-siegen-weidenau.de\/start\/wp-content\/uploads\/2023\/06\/15-300x200.jpg 300w, http:\/\/www.efg-siegen-weidenau.de\/start\/wp-content\/uploads\/2023\/06\/15-1024x683.jpg 1024w, http:\/\/www.efg-siegen-weidenau.de\/start\/wp-content\/uploads\/2023\/06\/15-768x512.jpg 768w\" sizes=\"(max-width: 282px) 100vw, 282px\" \/><\/a>Am Ende seiner Verabschiedungs-Predigt hat Horst Elsner ein treffendes Bild unserer Gemeinde gezeichnet, das ich an dieser Stelle noch einmal aufgreifen m\u00f6chte: Uns &#8211; und auch Angela &#8211; war und ist es wichtig, dass Menschen, deren Leben noch nicht geheilt und geregelt ist, einen Platz finden, und dass Gemeinde ein Ort ist, an dem sie willkommen und angenommen sind. Und dass dort Reich Gottes anbricht, wo Br\u00fcche und Narben sichtbar bleiben d\u00fcrfen und trotzdem Heilung geschieht. Dies haben wir in den vergangenen Jahren zusammen mit Angela gelebt, und das h\u00f6rt auch nach ihrem Dienstende nicht auf.<\/span><\/p>\n<p><span style=\"color: #003300;\"><a href=\"http:\/\/www.efg-siegen-weidenau.de\/start\/wp-content\/uploads\/2023\/06\/16.jpg\"><img loading=\"lazy\" class=\"wp-image-4387 alignleft\" src=\"http:\/\/www.efg-siegen-weidenau.de\/start\/wp-content\/uploads\/2023\/06\/16.jpg\" alt=\"\" width=\"282\" height=\"188\" srcset=\"http:\/\/www.efg-siegen-weidenau.de\/start\/wp-content\/uploads\/2023\/06\/16.jpg 1200w, http:\/\/www.efg-siegen-weidenau.de\/start\/wp-content\/uploads\/2023\/06\/16-300x200.jpg 300w, http:\/\/www.efg-siegen-weidenau.de\/start\/wp-content\/uploads\/2023\/06\/16-1024x683.jpg 1024w, http:\/\/www.efg-siegen-weidenau.de\/start\/wp-content\/uploads\/2023\/06\/16-768x512.jpg 768w\" sizes=\"(max-width: 282px) 100vw, 282px\" \/><\/a>Wir vertrauen auf Gottes Segen und seine F\u00fchrung &#8211; f\u00fcr Familie Klinge und f\u00fcr uns als Gemeinde.<\/span><\/p>\n<p><span style=\"color: #003300;\">Der Himmel geht \u00fcber allen auf\u2026<\/span><\/p>\n<p>&nbsp;<\/p>\n<p>&nbsp;<\/p>\n<p><em><span style=\"color: #003300;\">Anke Winterhager<\/span><\/em><\/p>\n","protected":false},"excerpt":{"rendered":"<p>Am Sonntag, den 30.04.23, haben wir uns mit einem Gottesdienst, gemeinsamem Mittagessen und einem lockeren Nachmittagsprogramm mit anschlie\u00dfendem Kaffee trinken von unserer langj\u00e4hrigen Pastorin Angela Klinge, ihrem Mann Jan-Martin und (&hellip;) <a href=\"http:\/\/www.efg-siegen-weidenau.de\/start\/verabschiedung-von-pastorin-angela-klinge\/\">Weiterlesen<\/a><\/p>\n","protected":false},"author":1,"featured_media":0,"comment_status":"closed","ping_status":"closed","sticky":false,"template":"","format":"standard","meta":{"_bbp_topic_count":0,"_bbp_reply_count":0,"_bbp_total_topic_count":0,"_bbp_total_reply_count":0,"_bbp_voice_count":0,"_bbp_anonymous_reply_count":0,"_bbp_topic_count_hidden":0,"_bbp_reply_count_hidden":0,"_bbp_forum_subforum_count":0},"categories":[20],"tags":[],"_links":{"self":[{"href":"http:\/\/www.efg-siegen-weidenau.de\/start\/wp-json\/wp\/v2\/posts\/4379"}],"collection":[{"href":"http:\/\/www.efg-siegen-weidenau.de\/start\/wp-json\/wp\/v2\/posts"}],"about":[{"href":"http:\/\/www.efg-siegen-weidenau.de\/start\/wp-json\/wp\/v2\/types\/post"}],"author":[{"embeddable":true,"href":"http:\/\/www.efg-siegen-weidenau.de\/start\/wp-json\/wp\/v2\/users\/1"}],"replies":[{"embeddable":true,"href":"http:\/\/www.efg-siegen-weidenau.de\/start\/wp-json\/wp\/v2\/comments?post=4379"}],"version-history":[{"count":6,"href":"http:\/\/www.efg-siegen-weidenau.de\/start\/wp-json\/wp\/v2\/posts\/4379\/revisions"}],"predecessor-version":[{"id":4393,"href":"http:\/\/www.efg-siegen-weidenau.de\/start\/wp-json\/wp\/v2\/posts\/4379\/revisions\/4393"}],"wp:attachment":[{"href":"http:\/\/www.efg-siegen-weidenau.de\/start\/wp-json\/wp\/v2\/media?parent=4379"}],"wp:term":[{"taxonomy":"category","embeddable":true,"href":"http:\/\/www.efg-siegen-weidenau.de\/start\/wp-json\/wp\/v2\/categories?post=4379"},{"taxonomy":"post_tag","embeddable":true,"href":"http:\/\/www.efg-siegen-weidenau.de\/start\/wp-json\/wp\/v2\/tags?post=4379"}],"curies":[{"name":"wp","href":"https:\/\/api.w.org\/{rel}","templated":true}]}}